{"id":906,"date":"2018-03-26T08:49:58","date_gmt":"2018-03-26T06:49:58","guid":{"rendered":"https:\/\/new.conze.com\/?p=906"},"modified":"2021-03-26T08:50:44","modified_gmt":"2021-03-26T07:50:44","slug":"conze-beim-branchentag-medizintechnik-sudwestfalen","status":"publish","type":"post","link":"https:\/\/conze.com\/en\/company\/news\/conze-beim-branchentag-medizintechnik-sudwestfalen\/","title":{"rendered":"CONZE beim Branchentag Medizintechnik S\u00fcdwestfalen"},"content":{"rendered":"<div class=\"ka-content\">\n<p><strong>Am 14. M\u00e4rz veranstaltete die Brancheninitiative Gesundheitswirtschaft S\u00fcdwestfalen e.V. den ersten Branchentag Medizintechnik S\u00fcdwestfalen. Wir waren dabei.<\/strong><\/p>\n<p>Am 14. M\u00e4rz veranstaltete die Brancheninitiative Gesundheitswirtschaft S\u00fcdwestfalen e.V. den ersten Branchentag Medizintechnik S\u00fcdwestfalen. Da wir bei CONZE ohnehin leidenschaftliche Netzwerker sind, haben wir mit Michael und Bruno zwei unserer Mitarbeiter in das GROHE Forum in Hemer entsandt, um den Teilnehmern der Veranstaltung mit Rat und Tat zur Seite zu stehen.<\/p>\n<p class=\"bodytext\">Unser Sales Manager Michael hatte seinen gro\u00dfen Auftritt direkt zur Prime Time kurz vor der Mittagszeit. Thema seines dreiviertelst\u00fcndigen Vortrags mit dem Titel \u201eBereit f\u00fcr die Zukunft der Medizintechnik \u2013 Die innovativsten Trends aus den Bereichen Virtual &amp; Augmented Reality\u201c waren Technologien, die f\u00fcr viele Fachbesucher wie Science Fiction gewirkt haben m\u00fcssen: Von AR-gest\u00fctzten R\u00f6ntgenbrillen f\u00fcr Chirurgen bis hin zu VR-basierten Therapie-Apps f\u00fcr autistische Kinder wurden alle wichtigen Innovationen erl\u00e4utert.<\/p>\n<p class=\"bodytext\">Unser Werksstudent Bruno hatte die M\u00f6glichkeit, seine mit einer glatten 1,0 ausgezeichneten Bachelorarbeit am Stand der Universit\u00e4t Siegen zu pr\u00e4sentieren. F\u00fcr seine herausragende Abschlussarbeit hatte Bruno die Leap Motion-Gestensteuerung mit einer Wundversorgungs-VR-Anwendungen auf Basis der Unreal Engine evaluiert. Beeindruckend.<\/p>\n<p class=\"bodytext\">Und das Fazit? F\u00fcr uns war der Branchentag ein voller Erfolg! Selbstverst\u00e4ndlich m\u00f6chten wie uns an dieser Stelle auch noch einmal herzlichst bei unseren beiden Jungs bedanken. Beim n\u00e4chsten Branchentag werden wir mit Sicherheit auch wieder mit von der Partie sein.<\/p>\n<\/div>","protected":false},"excerpt":{"rendered":"<p>Am 14. M\u00e4rz veranstaltete die Brancheninitiative Gesundheitswirtschaft S\u00fcdwestfalen e.V. den ersten Branchentag Medizintechnik S\u00fcdwestfalen. Wir waren dabei. Am 14. M\u00e4rz veranstaltete die Brancheninitiative Gesundheitswirtschaft S\u00fcdwestfalen e.V. den ersten Branchentag Medizintechnik S\u00fcdwestfalen. Da wir bei CONZE ohnehin leidenschaftliche Netzwerker sind, haben wir mit Michael und Bruno zwei unserer Mitarbeiter in das GROHE Forum in Hemer entsandt, [&hellip;]<\/p>","protected":false},"author":12,"featured_media":907,"comment_status":"closed","ping_status":"open","sticky":false,"template":"","format":"standard","meta":{"_acf_changed":false,"content-type":"","rs_blank_template":"","rs_page_bg_color":"","slide_template_v7":"","footnotes":""},"categories":[10],"tags":[],"class_list":["post-906","post","type-post","status-publish","format-standard","has-post-thumbnail","hentry","category-news"],"acf":[],"yoast_head":"<!-- This site is optimized with the Yoast SEO Premium plugin v28.3 (Yoast SEO v28.3) - https:\/\/yoast.com\/product\/yoast-seo-premium-wordpress\/ -->\n<title>CONZE beim Branchentag Medizintechnik S\u00fcdwestfalen - CONZE<\/title>\n<meta name=\"description\" content=\"Am 14. M\u00e4rz veranstaltete die Brancheninitiative Gesundheitswirtschaft S\u00fcdwestfalen e.V. den ersten Branchentag Medizintechnik S\u00fcdwestfalen.\" \/>\n<meta name=\"robots\" content=\"index, follow, max-snippet:-1, max-image-preview:large, max-video-preview:-1\" \/>\n<link rel=\"canonical\" href=\"https:\/\/conze.com\/en\/company\/news\/conze-beim-branchentag-medizintechnik-sudwestfalen\" \/>\n<script type=\"application\/ld+json\" class=\"yoast-schema-graph\">{\"@context\":\"https:\\\/\\\/schema.org\",\"@graph\":[{\"@type\":\"Article\",\"@id\":\"https:\\\/\\\/conze.com\\\/unternehmen\\\/news\\\/conze-beim-branchentag-medizintechnik-sudwestfalen\\\/#article\",\"isPartOf\":{\"@id\":\"https:\\\/\\\/conze.com\\\/unternehmen\\\/news\\\/conze-beim-branchentag-medizintechnik-sudwestfalen\\\/\"},\"author\":{\"name\":\"Dennis Conze\",\"@id\":\"https:\\\/\\\/conze.com\\\/#\\\/schema\\\/person\\\/a7e7c2b6feaa5049a39391df6aca0d16\"},\"headline\":\"CONZE beim Branchentag Medizintechnik S\u00fcdwestfalen\",\"datePublished\":\"2018-03-26T06:49:58+00:00\",\"dateModified\":\"2021-03-26T07:50:44+00:00\",\"mainEntityOfPage\":{\"@id\":\"https:\\\/\\\/conze.com\\\/unternehmen\\\/news\\\/conze-beim-branchentag-medizintechnik-sudwestfalen\\\/\"},\"wordCount\":246,\"publisher\":{\"@id\":\"https:\\\/\\\/conze.com\\\/#organization\"},\"image\":{\"@id\":\"https:\\\/\\\/conze.com\\\/unternehmen\\\/news\\\/conze-beim-branchentag-medizintechnik-sudwestfalen\\\/#primaryimage\"},\"thumbnailUrl\":\"https:\\\/\\\/conze.com\\\/wp-content\\\/uploads\\\/2021\\\/03\\\/MiS1.jpg\",\"articleSection\":[\"News (de)\"],\"inLanguage\":\"en-US\"},{\"@type\":\"WebPage\",\"@id\":\"https:\\\/\\\/conze.com\\\/unternehmen\\\/news\\\/conze-beim-branchentag-medizintechnik-sudwestfalen\\\/\",\"url\":\"https:\\\/\\\/conze.com\\\/unternehmen\\\/news\\\/conze-beim-branchentag-medizintechnik-sudwestfalen\\\/\",\"name\":\"CONZE beim Branchentag Medizintechnik S\u00fcdwestfalen - CONZE\",\"isPartOf\":{\"@id\":\"https:\\\/\\\/conze.com\\\/#website\"},\"primaryImageOfPage\":{\"@id\":\"https:\\\/\\\/conze.com\\\/unternehmen\\\/news\\\/conze-beim-branchentag-medizintechnik-sudwestfalen\\\/#primaryimage\"},\"image\":{\"@id\":\"https:\\\/\\\/conze.com\\\/unternehmen\\\/news\\\/conze-beim-branchentag-medizintechnik-sudwestfalen\\\/#primaryimage\"},\"thumbnailUrl\":\"https:\\\/\\\/conze.com\\\/wp-content\\\/uploads\\\/2021\\\/03\\\/MiS1.jpg\",\"datePublished\":\"2018-03-26T06:49:58+00:00\",\"dateModified\":\"2021-03-26T07:50:44+00:00\",\"description\":\"Am 14. M\u00e4rz veranstaltete die Brancheninitiative Gesundheitswirtschaft S\u00fcdwestfalen e.V. den ersten Branchentag Medizintechnik S\u00fcdwestfalen.\",\"breadcrumb\":{\"@id\":\"https:\\\/\\\/conze.com\\\/unternehmen\\\/news\\\/conze-beim-branchentag-medizintechnik-sudwestfalen\\\/#breadcrumb\"},\"inLanguage\":\"en-US\",\"potentialAction\":[{\"@type\":\"ReadAction\",\"target\":[\"https:\\\/\\\/conze.com\\\/unternehmen\\\/news\\\/conze-beim-branchentag-medizintechnik-sudwestfalen\\\/\"]}]},{\"@type\":\"ImageObject\",\"inLanguage\":\"en-US\",\"@id\":\"https:\\\/\\\/conze.com\\\/unternehmen\\\/news\\\/conze-beim-branchentag-medizintechnik-sudwestfalen\\\/#primaryimage\",\"url\":\"https:\\\/\\\/conze.com\\\/wp-content\\\/uploads\\\/2021\\\/03\\\/MiS1.jpg\",\"contentUrl\":\"https:\\\/\\\/conze.com\\\/wp-content\\\/uploads\\\/2021\\\/03\\\/MiS1.jpg\",\"width\":720,\"height\":478},{\"@type\":\"BreadcrumbList\",\"@id\":\"https:\\\/\\\/conze.com\\\/unternehmen\\\/news\\\/conze-beim-branchentag-medizintechnik-sudwestfalen\\\/#breadcrumb\",\"itemListElement\":[{\"@type\":\"ListItem\",\"position\":1,\"name\":\"Startseite\",\"item\":\"https:\\\/\\\/conze.com\\\/\"},{\"@type\":\"ListItem\",\"position\":2,\"name\":\"CONZE beim Branchentag Medizintechnik S\u00fcdwestfalen\"}]},{\"@type\":\"WebSite\",\"@id\":\"https:\\\/\\\/conze.com\\\/#website\",\"url\":\"https:\\\/\\\/conze.com\\\/\",\"name\":\"CONZE\",\"description\":\"Custom Software Engineering\",\"publisher\":{\"@id\":\"https:\\\/\\\/conze.com\\\/#organization\"},\"potentialAction\":[{\"@type\":\"SearchAction\",\"target\":{\"@type\":\"EntryPoint\",\"urlTemplate\":\"https:\\\/\\\/conze.com\\\/?s={search_term_string}\"},\"query-input\":{\"@type\":\"PropertyValueSpecification\",\"valueRequired\":true,\"valueName\":\"search_term_string\"}}],\"inLanguage\":\"en-US\"},{\"@type\":\"Organization\",\"@id\":\"https:\\\/\\\/conze.com\\\/#organization\",\"name\":\"CONZE Informatik GmbH\",\"alternateName\":\"CONZE\",\"url\":\"https:\\\/\\\/conze.com\\\/\",\"logo\":{\"@type\":\"ImageObject\",\"inLanguage\":\"en-US\",\"@id\":\"https:\\\/\\\/conze.com\\\/#\\\/schema\\\/logo\\\/image\\\/\",\"url\":\"https:\\\/\\\/conze.com\\\/wp-content\\\/uploads\\\/2021\\\/03\\\/03-CONZE-RGB-Cyan.png\",\"contentUrl\":\"https:\\\/\\\/conze.com\\\/wp-content\\\/uploads\\\/2021\\\/03\\\/03-CONZE-RGB-Cyan.png\",\"width\":3931,\"height\":644,\"caption\":\"CONZE Informatik GmbH\"},\"image\":{\"@id\":\"https:\\\/\\\/conze.com\\\/#\\\/schema\\\/logo\\\/image\\\/\"},\"sameAs\":[\"https:\\\/\\\/www.facebook.com\\\/conze.uie\",\"https:\\\/\\\/x.com\\\/conze_com\",\"https:\\\/\\\/www.instagram.com\\\/conzeinformatik\\\/\",\"https:\\\/\\\/www.linkedin.com\\\/company\\\/conze-informatik-gmbh\"],\"email\":\"info@conze.com\",\"telephone\":\"+4927124009850\",\"legalName\":\"CONZE Informatik GmbH\",\"foundingDate\":\"2009-01-01\",\"vatID\":\"DE263515741\",\"duns\":\"341201081\",\"numberOfEmployees\":{\"@type\":\"QuantitativeValue\",\"minValue\":\"11\",\"maxValue\":\"50\"}},{\"@type\":\"Person\",\"@id\":\"https:\\\/\\\/conze.com\\\/#\\\/schema\\\/person\\\/a7e7c2b6feaa5049a39391df6aca0d16\",\"name\":\"Dennis Conze\",\"image\":{\"@type\":\"ImageObject\",\"inLanguage\":\"en-US\",\"@id\":\"https:\\\/\\\/conze.com\\\/wp-content\\\/litespeed\\\/avatar\\\/a364ec063d4a3995a34e95fedea9db5d.jpg?ver=1788280216\",\"url\":\"https:\\\/\\\/conze.com\\\/wp-content\\\/litespeed\\\/avatar\\\/a364ec063d4a3995a34e95fedea9db5d.jpg?ver=1788280216\",\"contentUrl\":\"https:\\\/\\\/conze.com\\\/wp-content\\\/litespeed\\\/avatar\\\/a364ec063d4a3995a34e95fedea9db5d.jpg?ver=1788280216\",\"caption\":\"Dennis Conze\"}}]}<\/script>\n<!-- \/ Yoast SEO Premium plugin. -->","yoast_head_json":{"title":"CONZE beim Branchentag Medizintechnik S\u00fcdwestfalen - CONZE","description":"Am 14. M\u00e4rz veranstaltete die Brancheninitiative Gesundheitswirtschaft S\u00fcdwestfalen e.V. den ersten Branchentag Medizintechnik S\u00fcdwestfalen.","robots":{"index":"index","follow":"follow","max-snippet":"max-snippet:-1","max-image-preview":"max-image-preview:large","max-video-preview":"max-video-preview:-1"},"canonical":"https:\/\/conze.com\/en\/company\/news\/conze-beim-branchentag-medizintechnik-sudwestfalen","schema":{"@context":"https:\/\/schema.org","@graph":[{"@type":"Article","@id":"https:\/\/conze.com\/unternehmen\/news\/conze-beim-branchentag-medizintechnik-sudwestfalen\/#article","isPartOf":{"@id":"https:\/\/conze.com\/unternehmen\/news\/conze-beim-branchentag-medizintechnik-sudwestfalen\/"},"author":{"name":"Dennis Conze","@id":"https:\/\/conze.com\/#\/schema\/person\/a7e7c2b6feaa5049a39391df6aca0d16"},"headline":"CONZE beim Branchentag Medizintechnik S\u00fcdwestfalen","datePublished":"2018-03-26T06:49:58+00:00","dateModified":"2021-03-26T07:50:44+00:00","mainEntityOfPage":{"@id":"https:\/\/conze.com\/unternehmen\/news\/conze-beim-branchentag-medizintechnik-sudwestfalen\/"},"wordCount":246,"publisher":{"@id":"https:\/\/conze.com\/#organization"},"image":{"@id":"https:\/\/conze.com\/unternehmen\/news\/conze-beim-branchentag-medizintechnik-sudwestfalen\/#primaryimage"},"thumbnailUrl":"https:\/\/conze.com\/wp-content\/uploads\/2021\/03\/MiS1.jpg","articleSection":["News (de)"],"inLanguage":"en-US"},{"@type":"WebPage","@id":"https:\/\/conze.com\/unternehmen\/news\/conze-beim-branchentag-medizintechnik-sudwestfalen\/","url":"https:\/\/conze.com\/unternehmen\/news\/conze-beim-branchentag-medizintechnik-sudwestfalen\/","name":"CONZE beim Branchentag Medizintechnik S\u00fcdwestfalen - CONZE","isPartOf":{"@id":"https:\/\/conze.com\/#website"},"primaryImageOfPage":{"@id":"https:\/\/conze.com\/unternehmen\/news\/conze-beim-branchentag-medizintechnik-sudwestfalen\/#primaryimage"},"image":{"@id":"https:\/\/conze.com\/unternehmen\/news\/conze-beim-branchentag-medizintechnik-sudwestfalen\/#primaryimage"},"thumbnailUrl":"https:\/\/conze.com\/wp-content\/uploads\/2021\/03\/MiS1.jpg","datePublished":"2018-03-26T06:49:58+00:00","dateModified":"2021-03-26T07:50:44+00:00","description":"Am 14. M\u00e4rz veranstaltete die Brancheninitiative Gesundheitswirtschaft S\u00fcdwestfalen e.V. den ersten Branchentag Medizintechnik S\u00fcdwestfalen.","breadcrumb":{"@id":"https:\/\/conze.com\/unternehmen\/news\/conze-beim-branchentag-medizintechnik-sudwestfalen\/#breadcrumb"},"inLanguage":"en-US","potentialAction":[{"@type":"ReadAction","target":["https:\/\/conze.com\/unternehmen\/news\/conze-beim-branchentag-medizintechnik-sudwestfalen\/"]}]},{"@type":"ImageObject","inLanguage":"en-US","@id":"https:\/\/conze.com\/unternehmen\/news\/conze-beim-branchentag-medizintechnik-sudwestfalen\/#primaryimage","url":"https:\/\/conze.com\/wp-content\/uploads\/2021\/03\/MiS1.jpg","contentUrl":"https:\/\/conze.com\/wp-content\/uploads\/2021\/03\/MiS1.jpg","width":720,"height":478},{"@type":"BreadcrumbList","@id":"https:\/\/conze.com\/unternehmen\/news\/conze-beim-branchentag-medizintechnik-sudwestfalen\/#breadcrumb","itemListElement":[{"@type":"ListItem","position":1,"name":"Startseite","item":"https:\/\/conze.com\/"},{"@type":"ListItem","position":2,"name":"CONZE beim Branchentag Medizintechnik S\u00fcdwestfalen"}]},{"@type":"WebSite","@id":"https:\/\/conze.com\/#website","url":"https:\/\/conze.com\/","name":"CONZE","description":"Custom Software Engineering","publisher":{"@id":"https:\/\/conze.com\/#organization"},"potentialAction":[{"@type":"SearchAction","target":{"@type":"EntryPoint","urlTemplate":"https:\/\/conze.com\/?s={search_term_string}"},"query-input":{"@type":"PropertyValueSpecification","valueRequired":true,"valueName":"search_term_string"}}],"inLanguage":"en-US"},{"@type":"Organization","@id":"https:\/\/conze.com\/#organization","name":"CONZE Informatik GmbH","alternateName":"CONZE","url":"https:\/\/conze.com\/","logo":{"@type":"ImageObject","inLanguage":"en-US","@id":"https:\/\/conze.com\/#\/schema\/logo\/image\/","url":"https:\/\/conze.com\/wp-content\/uploads\/2021\/03\/03-CONZE-RGB-Cyan.png","contentUrl":"https:\/\/conze.com\/wp-content\/uploads\/2021\/03\/03-CONZE-RGB-Cyan.png","width":3931,"height":644,"caption":"CONZE Informatik GmbH"},"image":{"@id":"https:\/\/conze.com\/#\/schema\/logo\/image\/"},"sameAs":["https:\/\/www.facebook.com\/conze.uie","https:\/\/x.com\/conze_com","https:\/\/www.instagram.com\/conzeinformatik\/","https:\/\/www.linkedin.com\/company\/conze-informatik-gmbh"],"email":"info@conze.com","telephone":"+4927124009850","legalName":"CONZE Informatik GmbH","foundingDate":"2009-01-01","vatID":"DE263515741","duns":"341201081","numberOfEmployees":{"@type":"QuantitativeValue","minValue":"11","maxValue":"50"}},{"@type":"Person","@id":"https:\/\/conze.com\/#\/schema\/person\/a7e7c2b6feaa5049a39391df6aca0d16","name":"Dennis Conze","image":{"@type":"ImageObject","inLanguage":"en-US","@id":"https:\/\/conze.com\/wp-content\/litespeed\/avatar\/a364ec063d4a3995a34e95fedea9db5d.jpg?ver=1788280216","url":"https:\/\/conze.com\/wp-content\/litespeed\/avatar\/a364ec063d4a3995a34e95fedea9db5d.jpg?ver=1788280216","contentUrl":"https:\/\/conze.com\/wp-content\/litespeed\/avatar\/a364ec063d4a3995a34e95fedea9db5d.jpg?ver=1788280216","caption":"Dennis Conze"}}]}},"_links":{"self":[{"href":"https:\/\/conze.com\/en\/wp-json\/wp\/v2\/posts\/906","targetHints":{"allow":["GET"]}}],"collection":[{"href":"https:\/\/conze.com\/en\/wp-json\/wp\/v2\/posts"}],"about":[{"href":"https:\/\/conze.com\/en\/wp-json\/wp\/v2\/types\/post"}],"author":[{"embeddable":true,"href":"https:\/\/conze.com\/en\/wp-json\/wp\/v2\/users\/12"}],"replies":[{"embeddable":true,"href":"https:\/\/conze.com\/en\/wp-json\/wp\/v2\/comments?post=906"}],"version-history":[{"count":0,"href":"https:\/\/conze.com\/en\/wp-json\/wp\/v2\/posts\/906\/revisions"}],"wp:featuredmedia":[{"embeddable":true,"href":"https:\/\/conze.com\/en\/wp-json\/wp\/v2\/media\/907"}],"wp:attachment":[{"href":"https:\/\/conze.com\/en\/wp-json\/wp\/v2\/media?parent=906"}],"wp:term":[{"taxonomy":"category","embeddable":true,"href":"https:\/\/conze.com\/en\/wp-json\/wp\/v2\/categories?post=906"},{"taxonomy":"post_tag","embeddable":true,"href":"https:\/\/conze.com\/en\/wp-json\/wp\/v2\/tags?post=906"}],"curies":[{"name":"wp","href":"https:\/\/api.w.org\/{rel}","templated":true}]}}